{"id":511,"count":268,"description":"Complexele memoriale \u0219i-au primit numele datorit\u0103 variet\u0103\u021bii particulelor sale constitutive. Aceasta este o instala\u021bie de art\u0103 elaborat\u0103 care onoreaz\u0103 memoria celor pleca\u021bi. Stele, mese \u0219i b\u0103nci, bile, vaze \u0219i l\u0103mpi cu icoane, pietre funerare, garduri metalice, diverse basoreliefuri \u0219i decora\u021biuni din bronz \u2013 toate acestea pot face parte dintr-un complex memorial maiestuos \u0219i \u00eenc\u00e2nt\u0103tor. Clientul are dreptul de a alege. Oferim o gam\u0103 larg\u0103 de tipuri \u0219i modele de granit. Onora\u021bi-i pe cei dragi a\u0219a cum merit\u0103. \u00cen aceast\u0103 sec\u021biune pute\u021bi g\u0103si at\u00e2t complexe memoriale de familie, c\u00e2t \u0219i monumente pentru oameni semnificativi din via\u021ba dumneavoastr\u0103.","link":"https:\/\/ism-granit.md\/ro\/product-category\/memorialnye-kompleksy\/","name":"Complexe Memoriale","slug":"memorialnye-kompleksy","taxonomy":"product_cat","parent":0,"meta":[],"menu_order":12,"yoast_head":"<!-- This site is optimized with the Yoast SEO plugin v28.4 - https:\/\/yoast.com\/product\/yoast-seo-wordpress\/ -->\n<title>Complexe Memoriale \u00een Moldova | ISM Granit<\/title>\n<meta name=\"description\" content=\"Complexe memoriale: catalog de modele, op\u021biuni de design \u0219i dimensiuni. Producere, livrare \u0219i instalare \u00een toat\u0103 Moldova \u2014 ISM Granit.\" \/>\n<meta name=\"robots\" content=\"index, follow, max-snippet:-1, max-image-preview:large, max-video-preview:-1\" \/>\n<link rel=\"canonical\" href=\"https:\/\/ism-granit.md\/ro\/wp-json\/wp\/v2\/product_cat\/511\" \/>\n<meta property=\"og:locale\" content=\"ro_RO\" \/>\n<meta property=\"og:type\" content=\"article\" \/>\n<meta property=\"og:title\" content=\"Complexe Memoriale \u00een Moldova | ISM Granit\" \/>\n<meta property=\"og:description\" content=\"Complexe memoriale: catalog de modele, op\u021biuni de design \u0219i dimensiuni. Producere, livrare \u0219i instalare \u00een toat\u0103 Moldova \u2014 ISM Granit.\" \/>\n<meta property=\"og:url\" content=\"https:\/\/ism-granit.md\/ro\/wp-json\/wp\/v2\/product_cat\/511\" \/>\n<meta property=\"og:site_name\" content=\"ISM-GRANIT\" \/>\n<meta name=\"twitter:card\" content=\"summary_large_image\" \/>\n<script type=\"application\/ld+json\" class=\"yoast-schema-graph\">{\"@context\":\"https:\\\/\\\/schema.org\",\"@graph\":[{\"@type\":\"CollectionPage\",\"@id\":\"https:\\\/\\\/ism-granit.md\\\/ro\\\/product-category\\\/memorialnye-kompleksy\\\/\",\"url\":\"https:\\\/\\\/ism-granit.md\\\/ro\\\/product-category\\\/memorialnye-kompleksy\\\/\",\"name\":\"Complexe Memoriale \u00een Moldova | ISM Granit\",\"isPartOf\":{\"@id\":\"https:\\\/\\\/ism-granit.md\\\/ro\\\/#website\"},\"description\":\"Complexe memoriale: catalog de modele, op\u021biuni de design \u0219i dimensiuni. Producere, livrare \u0219i instalare \u00een toat\u0103 Moldova \u2014 ISM Granit.\",\"breadcrumb\":{\"@id\":\"https:\\\/\\\/ism-granit.md\\\/ro\\\/product-category\\\/memorialnye-kompleksy\\\/#breadcrumb\"},\"inLanguage\":\"ro-RO\"},{\"@type\":\"BreadcrumbList\",\"@id\":\"https:\\\/\\\/ism-granit.md\\\/ro\\\/product-category\\\/memorialnye-kompleksy\\\/#breadcrumb\",\"itemListElement\":[{\"@type\":\"ListItem\",\"position\":1,\"name\":\"Home\",\"item\":\"https:\\\/\\\/ism-granit.md\\\/ro\\\/\"},{\"@type\":\"ListItem\",\"position\":2,\"name\":\"Complexe Memoriale\"}]},{\"@type\":\"WebSite\",\"@id\":\"https:\\\/\\\/ism-granit.md\\\/ro\\\/#website\",\"url\":\"https:\\\/\\\/ism-granit.md\\\/ro\\\/\",\"name\":\"ISM-GRANIT\",\"description\":\"Comand\u0103 Monumente \u00een Moldova ISM-GRANIT\",\"publisher\":{\"@id\":\"https:\\\/\\\/ism-granit.md\\\/#organization\"},\"potentialAction\":[{\"@type\":\"SearchAction\",\"target\":{\"@type\":\"EntryPoint\",\"urlTemplate\":\"https:\\\/\\\/ism-granit.md\\\/ro\\\/?s={search_term_string}\"},\"query-input\":{\"@type\":\"PropertyValueSpecification\",\"valueRequired\":true,\"valueName\":\"search_term_string\"}}],\"inLanguage\":\"ro-RO\"},{\"@type\":\"Organization\",\"@id\":\"https:\\\/\\\/ism-granit.md\\\/#organization\",\"name\":\"ISM-GRANIT\",\"url\":\"https:\\\/\\\/ism-granit.md\\\/\",\"logo\":{\"@type\":\"ImageObject\",\"inLanguage\":\"ro-RO\",\"@id\":\"https:\\\/\\\/ism-granit.md\\\/#\\\/schema\\\/logo\\\/image\\\/\",\"url\":\"https:\\\/\\\/ism-granit.md\\\/wp-content\\\/uploads\\\/2021\\\/01\\\/bez-nazvanija-5.png\",\"contentUrl\":\"https:\\\/\\\/ism-granit.md\\\/wp-content\\\/uploads\\\/2021\\\/01\\\/bez-nazvanija-5.png\",\"width\":287,\"height\":251,\"caption\":\"ISM-GRANIT\"},\"image\":{\"@id\":\"https:\\\/\\\/ism-granit.md\\\/#\\\/schema\\\/logo\\\/image\\\/\"},\"sameAs\":[\"https:\\\/\\\/www.facebook.com\\\/ism.granit.md\"]}]}<\/script>\n<!-- \/ Yoast SEO plugin. -->","yoast_head_json":{"title":"Complexe Memoriale \u00een Moldova | ISM Granit","description":"Complexe memoriale: catalog de modele, op\u021biuni de design \u0219i dimensiuni. Producere, livrare \u0219i instalare \u00een toat\u0103 Moldova \u2014 ISM Granit.","robots":{"index":"index","follow":"follow","max-snippet":"max-snippet:-1","max-image-preview":"max-image-preview:large","max-video-preview":"max-video-preview:-1"},"canonical":"https:\/\/ism-granit.md\/ro\/wp-json\/wp\/v2\/product_cat\/511","og_locale":"ro_RO","og_type":"article","og_title":"Complexe Memoriale \u00een Moldova | ISM Granit","og_description":"Complexe memoriale: catalog de modele, op\u021biuni de design \u0219i dimensiuni. Producere, livrare \u0219i instalare \u00een toat\u0103 Moldova \u2014 ISM Granit.","og_url":"https:\/\/ism-granit.md\/ro\/wp-json\/wp\/v2\/product_cat\/511","og_site_name":"ISM-GRANIT","twitter_card":"summary_large_image","schema":{"@context":"https:\/\/schema.org","@graph":[{"@type":"CollectionPage","@id":"https:\/\/ism-granit.md\/ro\/product-category\/memorialnye-kompleksy\/","url":"https:\/\/ism-granit.md\/ro\/product-category\/memorialnye-kompleksy\/","name":"Complexe Memoriale \u00een Moldova | ISM Granit","isPartOf":{"@id":"https:\/\/ism-granit.md\/ro\/#website"},"description":"Complexe memoriale: catalog de modele, op\u021biuni de design \u0219i dimensiuni. Producere, livrare \u0219i instalare \u00een toat\u0103 Moldova \u2014 ISM Granit.","breadcrumb":{"@id":"https:\/\/ism-granit.md\/ro\/product-category\/memorialnye-kompleksy\/#breadcrumb"},"inLanguage":"ro-RO"},{"@type":"BreadcrumbList","@id":"https:\/\/ism-granit.md\/ro\/product-category\/memorialnye-kompleksy\/#breadcrumb","itemListElement":[{"@type":"ListItem","position":1,"name":"Home","item":"https:\/\/ism-granit.md\/ro\/"},{"@type":"ListItem","position":2,"name":"Complexe Memoriale"}]},{"@type":"WebSite","@id":"https:\/\/ism-granit.md\/ro\/#website","url":"https:\/\/ism-granit.md\/ro\/","name":"ISM-GRANIT","description":"Comand\u0103 Monumente \u00een Moldova ISM-GRANIT","publisher":{"@id":"https:\/\/ism-granit.md\/#organization"},"potentialAction":[{"@type":"SearchAction","target":{"@type":"EntryPoint","urlTemplate":"https:\/\/ism-granit.md\/ro\/?s={search_term_string}"},"query-input":{"@type":"PropertyValueSpecification","valueRequired":true,"valueName":"search_term_string"}}],"inLanguage":"ro-RO"},{"@type":"Organization","@id":"https:\/\/ism-granit.md\/#organization","name":"ISM-GRANIT","url":"https:\/\/ism-granit.md\/","logo":{"@type":"ImageObject","inLanguage":"ro-RO","@id":"https:\/\/ism-granit.md\/#\/schema\/logo\/image\/","url":"https:\/\/ism-granit.md\/wp-content\/uploads\/2021\/01\/bez-nazvanija-5.png","contentUrl":"https:\/\/ism-granit.md\/wp-content\/uploads\/2021\/01\/bez-nazvanija-5.png","width":287,"height":251,"caption":"ISM-GRANIT"},"image":{"@id":"https:\/\/ism-granit.md\/#\/schema\/logo\/image\/"},"sameAs":["https:\/\/www.facebook.com\/ism.granit.md"]}]}},"_links":{"self":[{"href":"https:\/\/ism-granit.md\/ro\/wp-json\/wp\/v2\/product_cat\/511","targetHints":{"allow":["GET"]}}],"collection":[{"href":"https:\/\/ism-granit.md\/ro\/wp-json\/wp\/v2\/product_cat"}],"about":[{"href":"https:\/\/ism-granit.md\/ro\/wp-json\/wp\/v2\/taxonomies\/product_cat"}],"wp:post_type":[{"href":"https:\/\/ism-granit.md\/ro\/wp-json\/wp\/v2\/product?product_cat=511"}],"curies":[{"name":"wp","href":"https:\/\/api.w.org\/{rel}","templated":true}]}}