{"id":4415,"count":32,"description":"Monumentele combinate se eviden\u021biaz\u0103 vizibil printre masa general\u0103 de memoriale din cimitir. Astfel de pietre funerare sunt instalate at\u00e2t pe morminte individuale, c\u00e2t \u0219i pe mormintele de familie. Memorialul combinat este caracterizat de posibilit\u0103\u021bi largi de design, ceea ce este important pentru persoanele care doresc s\u0103 comande o piatr\u0103 funerar\u0103 unic\u0103 \u0219i s\u0103 sublinieze individualitatea defunctului.","link":"https:\/\/ism-granit.md\/ro\/product-category\/kombinirovannye-pamjatniki\/","name":"Monumente combinate","slug":"kombinirovannye-pamjatniki","taxonomy":"product_cat","parent":0,"meta":[],"menu_order":13,"yoast_head":"<!-- This site is optimized with the Yoast SEO plugin v28.3 - https:\/\/yoast.com\/product\/yoast-seo-wordpress\/ -->\n<title>Monumente Combinate \u00een Moldova | ISM Granit<\/title>\n<meta name=\"description\" content=\"Monumente combinate: catalog de modele, op\u021biuni de design \u0219i dimensiuni. Producere, livrare \u0219i instalare \u00een toat\u0103 Moldova \u2014 ISM Granit.\" \/>\n<meta name=\"robots\" content=\"index, follow, max-snippet:-1, max-image-preview:large, max-video-preview:-1\" \/>\n<link rel=\"canonical\" href=\"https:\/\/ism-granit.md\/ro\/wp-json\/wp\/v2\/product_cat\/4415\" \/>\n<meta property=\"og:locale\" content=\"ro_RO\" \/>\n<meta property=\"og:type\" content=\"article\" \/>\n<meta property=\"og:title\" content=\"Monumente Combinate \u00een Moldova | ISM Granit\" \/>\n<meta property=\"og:description\" content=\"Monumente combinate: catalog de modele, op\u021biuni de design \u0219i dimensiuni. Producere, livrare \u0219i instalare \u00een toat\u0103 Moldova \u2014 ISM Granit.\" \/>\n<meta property=\"og:url\" content=\"https:\/\/ism-granit.md\/ro\/wp-json\/wp\/v2\/product_cat\/4415\" \/>\n<meta property=\"og:site_name\" content=\"ISM-GRANIT\" \/>\n<meta name=\"twitter:card\" content=\"summary_large_image\" \/>\n<script type=\"application\/ld+json\" class=\"yoast-schema-graph\">{\"@context\":\"https:\\\/\\\/schema.org\",\"@graph\":[{\"@type\":\"CollectionPage\",\"@id\":\"https:\\\/\\\/ism-granit.md\\\/ro\\\/product-category\\\/kombinirovannye-pamjatniki\\\/\",\"url\":\"https:\\\/\\\/ism-granit.md\\\/ro\\\/product-category\\\/kombinirovannye-pamjatniki\\\/\",\"name\":\"Monumente Combinate \u00een Moldova | ISM Granit\",\"isPartOf\":{\"@id\":\"https:\\\/\\\/ism-granit.md\\\/ro\\\/#website\"},\"description\":\"Monumente combinate: catalog de modele, op\u021biuni de design \u0219i dimensiuni. Producere, livrare \u0219i instalare \u00een toat\u0103 Moldova \u2014 ISM Granit.\",\"breadcrumb\":{\"@id\":\"https:\\\/\\\/ism-granit.md\\\/ro\\\/product-category\\\/kombinirovannye-pamjatniki\\\/#breadcrumb\"},\"inLanguage\":\"ro-RO\"},{\"@type\":\"BreadcrumbList\",\"@id\":\"https:\\\/\\\/ism-granit.md\\\/ro\\\/product-category\\\/kombinirovannye-pamjatniki\\\/#breadcrumb\",\"itemListElement\":[{\"@type\":\"ListItem\",\"position\":1,\"name\":\"Home\",\"item\":\"https:\\\/\\\/ism-granit.md\\\/ro\\\/\"},{\"@type\":\"ListItem\",\"position\":2,\"name\":\"Monumente combinate\"}]},{\"@type\":\"WebSite\",\"@id\":\"https:\\\/\\\/ism-granit.md\\\/ro\\\/#website\",\"url\":\"https:\\\/\\\/ism-granit.md\\\/ro\\\/\",\"name\":\"ISM-GRANIT\",\"description\":\"Comand\u0103 Monumente \u00een Moldova ISM-GRANIT\",\"publisher\":{\"@id\":\"https:\\\/\\\/ism-granit.md\\\/#organization\"},\"potentialAction\":[{\"@type\":\"SearchAction\",\"target\":{\"@type\":\"EntryPoint\",\"urlTemplate\":\"https:\\\/\\\/ism-granit.md\\\/ro\\\/?s={search_term_string}\"},\"query-input\":{\"@type\":\"PropertyValueSpecification\",\"valueRequired\":true,\"valueName\":\"search_term_string\"}}],\"inLanguage\":\"ro-RO\"},{\"@type\":\"Organization\",\"@id\":\"https:\\\/\\\/ism-granit.md\\\/#organization\",\"name\":\"ISM-GRANIT\",\"url\":\"https:\\\/\\\/ism-granit.md\\\/\",\"logo\":{\"@type\":\"ImageObject\",\"inLanguage\":\"ro-RO\",\"@id\":\"https:\\\/\\\/ism-granit.md\\\/#\\\/schema\\\/logo\\\/image\\\/\",\"url\":\"https:\\\/\\\/ism-granit.md\\\/wp-content\\\/uploads\\\/2021\\\/01\\\/bez-nazvanija-5.png\",\"contentUrl\":\"https:\\\/\\\/ism-granit.md\\\/wp-content\\\/uploads\\\/2021\\\/01\\\/bez-nazvanija-5.png\",\"width\":287,\"height\":251,\"caption\":\"ISM-GRANIT\"},\"image\":{\"@id\":\"https:\\\/\\\/ism-granit.md\\\/#\\\/schema\\\/logo\\\/image\\\/\"},\"sameAs\":[\"https:\\\/\\\/www.facebook.com\\\/ism.granit.md\"]}]}<\/script>\n<!-- \/ Yoast SEO plugin. -->","yoast_head_json":{"title":"Monumente Combinate \u00een Moldova | ISM Granit","description":"Monumente combinate: catalog de modele, op\u021biuni de design \u0219i dimensiuni. Producere, livrare \u0219i instalare \u00een toat\u0103 Moldova \u2014 ISM Granit.","robots":{"index":"index","follow":"follow","max-snippet":"max-snippet:-1","max-image-preview":"max-image-preview:large","max-video-preview":"max-video-preview:-1"},"canonical":"https:\/\/ism-granit.md\/ro\/wp-json\/wp\/v2\/product_cat\/4415","og_locale":"ro_RO","og_type":"article","og_title":"Monumente Combinate \u00een Moldova | ISM Granit","og_description":"Monumente combinate: catalog de modele, op\u021biuni de design \u0219i dimensiuni. Producere, livrare \u0219i instalare \u00een toat\u0103 Moldova \u2014 ISM Granit.","og_url":"https:\/\/ism-granit.md\/ro\/wp-json\/wp\/v2\/product_cat\/4415","og_site_name":"ISM-GRANIT","twitter_card":"summary_large_image","schema":{"@context":"https:\/\/schema.org","@graph":[{"@type":"CollectionPage","@id":"https:\/\/ism-granit.md\/ro\/product-category\/kombinirovannye-pamjatniki\/","url":"https:\/\/ism-granit.md\/ro\/product-category\/kombinirovannye-pamjatniki\/","name":"Monumente Combinate \u00een Moldova | ISM Granit","isPartOf":{"@id":"https:\/\/ism-granit.md\/ro\/#website"},"description":"Monumente combinate: catalog de modele, op\u021biuni de design \u0219i dimensiuni. Producere, livrare \u0219i instalare \u00een toat\u0103 Moldova \u2014 ISM Granit.","breadcrumb":{"@id":"https:\/\/ism-granit.md\/ro\/product-category\/kombinirovannye-pamjatniki\/#breadcrumb"},"inLanguage":"ro-RO"},{"@type":"BreadcrumbList","@id":"https:\/\/ism-granit.md\/ro\/product-category\/kombinirovannye-pamjatniki\/#breadcrumb","itemListElement":[{"@type":"ListItem","position":1,"name":"Home","item":"https:\/\/ism-granit.md\/ro\/"},{"@type":"ListItem","position":2,"name":"Monumente combinate"}]},{"@type":"WebSite","@id":"https:\/\/ism-granit.md\/ro\/#website","url":"https:\/\/ism-granit.md\/ro\/","name":"ISM-GRANIT","description":"Comand\u0103 Monumente \u00een Moldova ISM-GRANIT","publisher":{"@id":"https:\/\/ism-granit.md\/#organization"},"potentialAction":[{"@type":"SearchAction","target":{"@type":"EntryPoint","urlTemplate":"https:\/\/ism-granit.md\/ro\/?s={search_term_string}"},"query-input":{"@type":"PropertyValueSpecification","valueRequired":true,"valueName":"search_term_string"}}],"inLanguage":"ro-RO"},{"@type":"Organization","@id":"https:\/\/ism-granit.md\/#organization","name":"ISM-GRANIT","url":"https:\/\/ism-granit.md\/","logo":{"@type":"ImageObject","inLanguage":"ro-RO","@id":"https:\/\/ism-granit.md\/#\/schema\/logo\/image\/","url":"https:\/\/ism-granit.md\/wp-content\/uploads\/2021\/01\/bez-nazvanija-5.png","contentUrl":"https:\/\/ism-granit.md\/wp-content\/uploads\/2021\/01\/bez-nazvanija-5.png","width":287,"height":251,"caption":"ISM-GRANIT"},"image":{"@id":"https:\/\/ism-granit.md\/#\/schema\/logo\/image\/"},"sameAs":["https:\/\/www.facebook.com\/ism.granit.md"]}]}},"_links":{"self":[{"href":"https:\/\/ism-granit.md\/ro\/wp-json\/wp\/v2\/product_cat\/4415","targetHints":{"allow":["GET"]}}],"collection":[{"href":"https:\/\/ism-granit.md\/ro\/wp-json\/wp\/v2\/product_cat"}],"about":[{"href":"https:\/\/ism-granit.md\/ro\/wp-json\/wp\/v2\/taxonomies\/product_cat"}],"wp:post_type":[{"href":"https:\/\/ism-granit.md\/ro\/wp-json\/wp\/v2\/product?product_cat=4415"}],"curies":[{"name":"wp","href":"https:\/\/api.w.org\/{rel}","templated":true}]}}